{"id":345,"date":"2021-06-13T22:06:32","date_gmt":"2021-06-13T20:06:32","guid":{"rendered":"http:\/\/lesbaladesdetherese.com\/blog\/?p=345"},"modified":"2021-06-13T22:06:32","modified_gmt":"2021-06-13T20:06:32","slug":"a-nous-les-grands-espaces","status":"publish","type":"post","link":"http:\/\/lesbaladesdetherese.com\/blog\/2021-06-a-nous-les-grands-espaces\/","title":{"rendered":"A nous les grands espaces !"},"content":{"rendered":"\n<p><\/p>\n\n\n\n<p>Apr\u00e8s des randos annul\u00e9es, modifi\u00e9es ou \u00e9court\u00e9es en raison de conditions m\u00e9t\u00e9o capricieuses, enfin nous pouvons profiter d&rsquo;une belle journ\u00e9e pour aller en estive. Les Balladins n&rsquo;\u00e9taient pas tr\u00e8s nombreux mais je propose aux absents de vivre cette rando comme s&rsquo;ils y \u00e9taient.                                                                                                                                                            <\/p>\n\n\n\n<h2 class=\"has-text-align-center top-space-big\">De Prats &#8211; Balaguer \u00e0 la Vall\u00e9e de l&rsquo;orri<\/h2>\n\n\n\n<h4 class=\"has-text-align-center\">Jeudi 10 juin 2021<\/h4>\n\n\n\n<p>Par le petit sentier (un peu embroussaill\u00e9) nous arrivons rapidement au ch\u00e2teau r\u00e9cemment restaur\u00e9. Depuis le XIII\u00e8me si\u00e8cle il prot\u00e8ge le passage strat\u00e9gique qui m\u00e8ne \u00e0 l&rsquo;ermitage de Nuria par le col de Nou founs. Il s&rsquo;agissait probablement au d\u00e9part d&rsquo;une simple tour \u00e0 signaux  en relation directe avec la tour de Llar.<\/p>\n\n\n\n<figure class=\"wp-block-image size-large\"><img loading=\"lazy\" width=\"800\" height=\"536\" src=\"http:\/\/lesbaladesdetherese.com\/blog\/wp-content\/uploads\/DSC_0499.jpg\" alt=\"\" class=\"wp-image-350\" srcset=\"http:\/\/lesbaladesdetherese.com\/blog\/wp-content\/uploads\/DSC_0499.jpg 800w, http:\/\/lesbaladesdetherese.com\/blog\/wp-content\/uploads\/DSC_0499-300x201.jpg 300w, http:\/\/lesbaladesdetherese.com\/blog\/wp-content\/uploads\/DSC_0499-150x101.jpg 150w, http:\/\/lesbaladesdetherese.com\/blog\/wp-content\/uploads\/DSC_0499-768x515.jpg 768w\" sizes=\"(max-width: 800px) 100vw, 800px\" \/><\/figure>\n\n\n\n<p>Au cours de cette rando nous ferons d&rsquo;\u00e9tranges rencontres ; je vous laisse le plaisir de faire travailler votre imagination.<\/p>\n\n\n\n<figure class=\"wp-block-gallery columns-3 is-cropped\"><ul class=\"blocks-gallery-grid\"><li class=\"blocks-gallery-item\"><figure><img loading=\"lazy\" width=\"800\" height=\"536\" src=\"http:\/\/lesbaladesdetherese.com\/blog\/wp-content\/uploads\/DSC_0501.jpg\" alt=\"\" data-id=\"353\" class=\"wp-image-353\" srcset=\"http:\/\/lesbaladesdetherese.com\/blog\/wp-content\/uploads\/DSC_0501.jpg 800w, http:\/\/lesbaladesdetherese.com\/blog\/wp-content\/uploads\/DSC_0501-300x201.jpg 300w, http:\/\/lesbaladesdetherese.com\/blog\/wp-content\/uploads\/DSC_0501-150x101.jpg 150w, http:\/\/lesbaladesdetherese.com\/blog\/wp-content\/uploads\/DSC_0501-768x515.jpg 768w\" sizes=\"(max-width: 800px) 100vw, 800px\" \/><\/figure><\/li><li class=\"blocks-gallery-item\"><figure><img loading=\"lazy\" width=\"800\" height=\"536\" src=\"http:\/\/lesbaladesdetherese.com\/blog\/wp-content\/uploads\/DSC_0502.jpg\" alt=\"\" data-id=\"354\" data-link=\"http:\/\/lesbaladesdetherese.com\/blog\/?attachment_id=354#main\" class=\"wp-image-354\" srcset=\"http:\/\/lesbaladesdetherese.com\/blog\/wp-content\/uploads\/DSC_0502.jpg 800w, http:\/\/lesbaladesdetherese.com\/blog\/wp-content\/uploads\/DSC_0502-300x201.jpg 300w, http:\/\/lesbaladesdetherese.com\/blog\/wp-content\/uploads\/DSC_0502-150x101.jpg 150w, http:\/\/lesbaladesdetherese.com\/blog\/wp-content\/uploads\/DSC_0502-768x515.jpg 768w\" sizes=\"(max-width: 800px) 100vw, 800px\" \/><\/figure><\/li><li class=\"blocks-gallery-item\"><figure><img loading=\"lazy\" width=\"800\" height=\"536\" src=\"http:\/\/lesbaladesdetherese.com\/blog\/wp-content\/uploads\/DSC_0503.jpg\" alt=\"\" data-id=\"355\" data-full-url=\"http:\/\/lesbaladesdetherese.com\/blog\/wp-content\/uploads\/DSC_0503.jpg\" data-link=\"http:\/\/lesbaladesdetherese.com\/blog\/?attachment_id=355#main\" class=\"wp-image-355\" srcset=\"http:\/\/lesbaladesdetherese.com\/blog\/wp-content\/uploads\/DSC_0503.jpg 800w, http:\/\/lesbaladesdetherese.com\/blog\/wp-content\/uploads\/DSC_0503-300x201.jpg 300w, http:\/\/lesbaladesdetherese.com\/blog\/wp-content\/uploads\/DSC_0503-150x101.jpg 150w, http:\/\/lesbaladesdetherese.com\/blog\/wp-content\/uploads\/DSC_0503-768x515.jpg 768w\" sizes=\"(max-width: 800px) 100vw, 800px\" \/><\/figure><\/li><\/ul><\/figure>\n\n\n\n<figure class=\"wp-block-gallery columns-2 is-cropped\"><ul class=\"blocks-gallery-grid\"><li class=\"blocks-gallery-item\"><figure><img loading=\"lazy\" width=\"800\" height=\"536\" src=\"http:\/\/lesbaladesdetherese.com\/blog\/wp-content\/uploads\/DSC_0583-2.jpg\" alt=\"\" data-id=\"358\" data-link=\"http:\/\/lesbaladesdetherese.com\/blog\/?attachment_id=358#main\" class=\"wp-image-358\" srcset=\"http:\/\/lesbaladesdetherese.com\/blog\/wp-content\/uploads\/DSC_0583-2.jpg 800w, http:\/\/lesbaladesdetherese.com\/blog\/wp-content\/uploads\/DSC_0583-2-300x201.jpg 300w, http:\/\/lesbaladesdetherese.com\/blog\/wp-content\/uploads\/DSC_0583-2-150x101.jpg 150w, http:\/\/lesbaladesdetherese.com\/blog\/wp-content\/uploads\/DSC_0583-2-768x515.jpg 768w\" sizes=\"(max-width: 800px) 100vw, 800px\" \/><\/figure><\/li><li class=\"blocks-gallery-item\"><figure><img loading=\"lazy\" width=\"686\" height=\"1024\" src=\"http:\/\/lesbaladesdetherese.com\/blog\/wp-content\/uploads\/DSC_0559-686x1024.jpg\" alt=\"\" data-id=\"359\" data-full-url=\"http:\/\/lesbaladesdetherese.com\/blog\/wp-content\/uploads\/DSC_0559.jpg\" data-link=\"http:\/\/lesbaladesdetherese.com\/blog\/?attachment_id=359#main\" class=\"wp-image-359\" srcset=\"http:\/\/lesbaladesdetherese.com\/blog\/wp-content\/uploads\/DSC_0559-686x1024.jpg 686w, http:\/\/lesbaladesdetherese.com\/blog\/wp-content\/uploads\/DSC_0559-201x300.jpg 201w, http:\/\/lesbaladesdetherese.com\/blog\/wp-content\/uploads\/DSC_0559-100x150.jpg 100w, http:\/\/lesbaladesdetherese.com\/blog\/wp-content\/uploads\/DSC_0559-768x1147.jpg 768w, http:\/\/lesbaladesdetherese.com\/blog\/wp-content\/uploads\/DSC_0559.jpg 800w\" sizes=\"(max-width: 686px) 100vw, 686px\" \/><\/figure><\/li><\/ul><\/figure>\n\n\n\n<p>Nous prenons de la hauteur et d\u00e9couvrons le panorama, plus ou moins beau : la saign\u00e9e de la RN116, bien connue pour ses \u00e9boulements et, sur les hauteurs, le village de Sauto.<\/p>\n\n\n\n<figure class=\"wp-block-image size-large\"><img loading=\"lazy\" width=\"800\" height=\"536\" src=\"http:\/\/lesbaladesdetherese.com\/blog\/wp-content\/uploads\/DSC_0508.jpg\" alt=\"\" class=\"wp-image-360\" srcset=\"http:\/\/lesbaladesdetherese.com\/blog\/wp-content\/uploads\/DSC_0508.jpg 800w, http:\/\/lesbaladesdetherese.com\/blog\/wp-content\/uploads\/DSC_0508-300x201.jpg 300w, http:\/\/lesbaladesdetherese.com\/blog\/wp-content\/uploads\/DSC_0508-150x101.jpg 150w, http:\/\/lesbaladesdetherese.com\/blog\/wp-content\/uploads\/DSC_0508-768x515.jpg 768w\" sizes=\"(max-width: 800px) 100vw, 800px\" \/><\/figure>\n\n\n\n<p>Apr\u00e8s la mont\u00e9e en grande partie en for\u00eat (ombrag\u00e9e !) le rideau s&rsquo;ouvre sur le grand spectacle.<\/p>\n\n\n\n<div class=\"wp-block-image\"><figure class=\"alignleft size-large\"><img loading=\"lazy\" width=\"800\" height=\"536\" src=\"http:\/\/lesbaladesdetherese.com\/blog\/wp-content\/uploads\/DSC_0518.jpg\" alt=\"\" class=\"wp-image-362\" srcset=\"http:\/\/lesbaladesdetherese.com\/blog\/wp-content\/uploads\/DSC_0518.jpg 800w, http:\/\/lesbaladesdetherese.com\/blog\/wp-content\/uploads\/DSC_0518-300x201.jpg 300w, http:\/\/lesbaladesdetherese.com\/blog\/wp-content\/uploads\/DSC_0518-150x101.jpg 150w, http:\/\/lesbaladesdetherese.com\/blog\/wp-content\/uploads\/DSC_0518-768x515.jpg 768w\" sizes=\"(max-width: 800px) 100vw, 800px\" \/><figcaption>Le pic rond est le bien nomm\u00e9 Pic Rodo, \u00e0 ne pas confondre avec le Pic Rodon, qui n&rsquo;est pas tr\u00e8s loin d&rsquo;ailleurs.<\/figcaption><\/figure><\/div>\n\n\n\n<figure class=\"wp-block-image size-large\"><img loading=\"lazy\" width=\"800\" height=\"536\" src=\"http:\/\/lesbaladesdetherese.com\/blog\/wp-content\/uploads\/DSC_0524.jpg\" alt=\"\" class=\"wp-image-363\" srcset=\"http:\/\/lesbaladesdetherese.com\/blog\/wp-content\/uploads\/DSC_0524.jpg 800w, http:\/\/lesbaladesdetherese.com\/blog\/wp-content\/uploads\/DSC_0524-300x201.jpg 300w, http:\/\/lesbaladesdetherese.com\/blog\/wp-content\/uploads\/DSC_0524-150x101.jpg 150w, http:\/\/lesbaladesdetherese.com\/blog\/wp-content\/uploads\/DSC_0524-768x515.jpg 768w\" sizes=\"(max-width: 800px) 100vw, 800px\" \/><\/figure>\n\n\n\n<p>La rivi\u00e8re Riberola creuse son chemin dans cette vall\u00e9e glaciaire.<\/p>\n\n\n\n<figure class=\"wp-block-image size-large\"><img loading=\"lazy\" width=\"800\" height=\"536\" src=\"http:\/\/lesbaladesdetherese.com\/blog\/wp-content\/uploads\/DSC_0533.jpg\" alt=\"\" class=\"wp-image-364\" srcset=\"http:\/\/lesbaladesdetherese.com\/blog\/wp-content\/uploads\/DSC_0533.jpg 800w, http:\/\/lesbaladesdetherese.com\/blog\/wp-content\/uploads\/DSC_0533-300x201.jpg 300w, http:\/\/lesbaladesdetherese.com\/blog\/wp-content\/uploads\/DSC_0533-150x101.jpg 150w, http:\/\/lesbaladesdetherese.com\/blog\/wp-content\/uploads\/DSC_0533-768x515.jpg 768w\" sizes=\"(max-width: 800px) 100vw, 800px\" \/><\/figure>\n\n\n\n<p>Et voici quelques images rafra\u00eechissantes. <\/p>\n\n\n\n<figure class=\"wp-block-image size-large\"><img loading=\"lazy\" width=\"800\" height=\"536\" src=\"http:\/\/lesbaladesdetherese.com\/blog\/wp-content\/uploads\/DSC_0537.jpg\" alt=\"\" class=\"wp-image-365\" srcset=\"http:\/\/lesbaladesdetherese.com\/blog\/wp-content\/uploads\/DSC_0537.jpg 800w, http:\/\/lesbaladesdetherese.com\/blog\/wp-content\/uploads\/DSC_0537-300x201.jpg 300w, http:\/\/lesbaladesdetherese.com\/blog\/wp-content\/uploads\/DSC_0537-150x101.jpg 150w, http:\/\/lesbaladesdetherese.com\/blog\/wp-content\/uploads\/DSC_0537-768x515.jpg 768w\" sizes=\"(max-width: 800px) 100vw, 800px\" \/><\/figure>\n\n\n\n<figure class=\"wp-block-image size-large\"><img loading=\"lazy\" width=\"800\" height=\"536\" src=\"http:\/\/lesbaladesdetherese.com\/blog\/wp-content\/uploads\/DSC_0539.jpg\" alt=\"\" class=\"wp-image-366\" srcset=\"http:\/\/lesbaladesdetherese.com\/blog\/wp-content\/uploads\/DSC_0539.jpg 800w, http:\/\/lesbaladesdetherese.com\/blog\/wp-content\/uploads\/DSC_0539-300x201.jpg 300w, http:\/\/lesbaladesdetherese.com\/blog\/wp-content\/uploads\/DSC_0539-150x101.jpg 150w, http:\/\/lesbaladesdetherese.com\/blog\/wp-content\/uploads\/DSC_0539-768x515.jpg 768w\" sizes=\"(max-width: 800px) 100vw, 800px\" \/><\/figure>\n\n\n\n<figure class=\"wp-block-image size-large\"><img loading=\"lazy\" width=\"800\" height=\"536\" src=\"http:\/\/lesbaladesdetherese.com\/blog\/wp-content\/uploads\/DSC_0543.jpg\" alt=\"\" class=\"wp-image-367\" srcset=\"http:\/\/lesbaladesdetherese.com\/blog\/wp-content\/uploads\/DSC_0543.jpg 800w, http:\/\/lesbaladesdetherese.com\/blog\/wp-content\/uploads\/DSC_0543-300x201.jpg 300w, http:\/\/lesbaladesdetherese.com\/blog\/wp-content\/uploads\/DSC_0543-150x101.jpg 150w, http:\/\/lesbaladesdetherese.com\/blog\/wp-content\/uploads\/DSC_0543-768x515.jpg 768w\" sizes=\"(max-width: 800px) 100vw, 800px\" \/><\/figure>\n\n\n\n<p>Comme souvent en montagne, les nuages tentent de franchir les cr\u00eates. Mais rien de bien inqui\u00e9tant, nous pouvons redescendre tranquillement en profitant au maximum de cette journ\u00e9e.<\/p>\n\n\n\n<figure class=\"wp-block-image size-large\"><img loading=\"lazy\" width=\"800\" height=\"536\" src=\"http:\/\/lesbaladesdetherese.com\/blog\/wp-content\/uploads\/DSC_0547.jpg\" alt=\"\" class=\"wp-image-368\" srcset=\"http:\/\/lesbaladesdetherese.com\/blog\/wp-content\/uploads\/DSC_0547.jpg 800w, http:\/\/lesbaladesdetherese.com\/blog\/wp-content\/uploads\/DSC_0547-300x201.jpg 300w, http:\/\/lesbaladesdetherese.com\/blog\/wp-content\/uploads\/DSC_0547-150x101.jpg 150w, http:\/\/lesbaladesdetherese.com\/blog\/wp-content\/uploads\/DSC_0547-768x515.jpg 768w\" sizes=\"(max-width: 800px) 100vw, 800px\" \/><\/figure>\n\n\n\n<figure class=\"wp-block-image size-large\"><img loading=\"lazy\" width=\"800\" height=\"536\" src=\"http:\/\/lesbaladesdetherese.com\/blog\/wp-content\/uploads\/DSC_0560.jpg\" alt=\"\" class=\"wp-image-369\" srcset=\"http:\/\/lesbaladesdetherese.com\/blog\/wp-content\/uploads\/DSC_0560.jpg 800w, http:\/\/lesbaladesdetherese.com\/blog\/wp-content\/uploads\/DSC_0560-300x201.jpg 300w, http:\/\/lesbaladesdetherese.com\/blog\/wp-content\/uploads\/DSC_0560-150x101.jpg 150w, http:\/\/lesbaladesdetherese.com\/blog\/wp-content\/uploads\/DSC_0560-768x515.jpg 768w\" sizes=\"(max-width: 800px) 100vw, 800px\" \/><\/figure>\n\n\n\n<p>Et nous voici de retour \u00e0 la Ja\u00e7a grossa ( 1826 m ) avec son orri, un peu remani\u00e9.<\/p>\n\n\n\n<figure class=\"wp-block-image size-large\"><img loading=\"lazy\" width=\"800\" height=\"536\" src=\"http:\/\/lesbaladesdetherese.com\/blog\/wp-content\/uploads\/DSC_0567.jpg\" alt=\"\" class=\"wp-image-370\" srcset=\"http:\/\/lesbaladesdetherese.com\/blog\/wp-content\/uploads\/DSC_0567.jpg 800w, http:\/\/lesbaladesdetherese.com\/blog\/wp-content\/uploads\/DSC_0567-300x201.jpg 300w, http:\/\/lesbaladesdetherese.com\/blog\/wp-content\/uploads\/DSC_0567-150x101.jpg 150w, http:\/\/lesbaladesdetherese.com\/blog\/wp-content\/uploads\/DSC_0567-768x515.jpg 768w\" sizes=\"(max-width: 800px) 100vw, 800px\" \/><\/figure>\n\n\n\n<figure class=\"wp-block-image size-large\"><img loading=\"lazy\" width=\"800\" height=\"536\" src=\"http:\/\/lesbaladesdetherese.com\/blog\/wp-content\/uploads\/DSC_0568.jpg\" alt=\"\" class=\"wp-image-371\" srcset=\"http:\/\/lesbaladesdetherese.com\/blog\/wp-content\/uploads\/DSC_0568.jpg 800w, http:\/\/lesbaladesdetherese.com\/blog\/wp-content\/uploads\/DSC_0568-300x201.jpg 300w, http:\/\/lesbaladesdetherese.com\/blog\/wp-content\/uploads\/DSC_0568-150x101.jpg 150w, http:\/\/lesbaladesdetherese.com\/blog\/wp-content\/uploads\/DSC_0568-768x515.jpg 768w\" sizes=\"(max-width: 800px) 100vw, 800px\" \/><\/figure>\n\n\n\n<p>Pendant ce temps, dans notre dos les nuages sont devenus plus mena\u00e7ants.<\/p>\n\n\n\n<figure class=\"wp-block-image size-large\"><img loading=\"lazy\" width=\"800\" height=\"536\" src=\"http:\/\/lesbaladesdetherese.com\/blog\/wp-content\/uploads\/DSC_0581.jpg\" alt=\"\" class=\"wp-image-372\" srcset=\"http:\/\/lesbaladesdetherese.com\/blog\/wp-content\/uploads\/DSC_0581.jpg 800w, http:\/\/lesbaladesdetherese.com\/blog\/wp-content\/uploads\/DSC_0581-300x201.jpg 300w, http:\/\/lesbaladesdetherese.com\/blog\/wp-content\/uploads\/DSC_0581-150x101.jpg 150w, http:\/\/lesbaladesdetherese.com\/blog\/wp-content\/uploads\/DSC_0581-768x515.jpg 768w\" sizes=\"(max-width: 800px) 100vw, 800px\" \/><\/figure>\n\n\n\n<p>Pas de fleurs dans cette balade, vous dites-vous ? Mais oui en voil\u00e0 une partie.<\/p>\n\n\n\n<figure class=\"wp-block-gallery columns-2 is-cropped\"><ul class=\"blocks-gallery-grid\"><li class=\"blocks-gallery-item\"><figure><img loading=\"lazy\" width=\"800\" height=\"536\" src=\"http:\/\/lesbaladesdetherese.com\/blog\/wp-content\/uploads\/Plantain.jpg\" alt=\"\" data-id=\"373\" class=\"wp-image-373\" srcset=\"http:\/\/lesbaladesdetherese.com\/blog\/wp-content\/uploads\/Plantain.jpg 800w, http:\/\/lesbaladesdetherese.com\/blog\/wp-content\/uploads\/Plantain-300x201.jpg 300w, http:\/\/lesbaladesdetherese.com\/blog\/wp-content\/uploads\/Plantain-150x101.jpg 150w, http:\/\/lesbaladesdetherese.com\/blog\/wp-content\/uploads\/Plantain-768x515.jpg 768w\" sizes=\"(max-width: 800px) 100vw, 800px\" \/><figcaption class=\"blocks-gallery-item__caption\">Floraison de plantain<\/figcaption><\/figure><\/li><li class=\"blocks-gallery-item\"><figure><img loading=\"lazy\" width=\"800\" height=\"536\" src=\"http:\/\/lesbaladesdetherese.com\/blog\/wp-content\/uploads\/Lychnis-des-alpes.jpg\" alt=\"\" data-id=\"374\" data-full-url=\"http:\/\/lesbaladesdetherese.com\/blog\/wp-content\/uploads\/Lychnis-des-alpes.jpg\" data-link=\"http:\/\/lesbaladesdetherese.com\/blog\/?attachment_id=374#main\" class=\"wp-image-374\" srcset=\"http:\/\/lesbaladesdetherese.com\/blog\/wp-content\/uploads\/Lychnis-des-alpes.jpg 800w, http:\/\/lesbaladesdetherese.com\/blog\/wp-content\/uploads\/Lychnis-des-alpes-300x201.jpg 300w, http:\/\/lesbaladesdetherese.com\/blog\/wp-content\/uploads\/Lychnis-des-alpes-150x101.jpg 150w, http:\/\/lesbaladesdetherese.com\/blog\/wp-content\/uploads\/Lychnis-des-alpes-768x515.jpg 768w\" sizes=\"(max-width: 800px) 100vw, 800px\" \/><figcaption class=\"blocks-gallery-item__caption\">Sil\u00e8ne fleur de coucou<\/figcaption><\/figure><\/li><\/ul><\/figure>\n\n\n\n<div class=\"wp-block-group\"><div class=\"wp-block-group__inner-container\">\n<div class=\"wp-block-group\"><div class=\"wp-block-group__inner-container\">\n<div class=\"wp-block-group\"><div class=\"wp-block-group__inner-container\">\n<figure class=\"wp-block-gallery columns-2 is-cropped\"><ul class=\"blocks-gallery-grid\"><li class=\"blocks-gallery-item\"><figure><img loading=\"lazy\" width=\"800\" height=\"536\" src=\"http:\/\/lesbaladesdetherese.com\/blog\/wp-content\/uploads\/Grassette-5.jpg\" alt=\"\" data-id=\"381\" class=\"wp-image-381\" srcset=\"http:\/\/lesbaladesdetherese.com\/blog\/wp-content\/uploads\/Grassette-5.jpg 800w, http:\/\/lesbaladesdetherese.com\/blog\/wp-content\/uploads\/Grassette-5-300x201.jpg 300w, http:\/\/lesbaladesdetherese.com\/blog\/wp-content\/uploads\/Grassette-5-150x101.jpg 150w, http:\/\/lesbaladesdetherese.com\/blog\/wp-content\/uploads\/Grassette-5-768x515.jpg 768w\" sizes=\"(max-width: 800px) 100vw, 800px\" \/><figcaption class=\"blocks-gallery-item__caption\">La grassette, plante carnivore<\/figcaption><\/figure><\/li><li class=\"blocks-gallery-item\"><figure><img loading=\"lazy\" width=\"800\" height=\"536\" src=\"http:\/\/lesbaladesdetherese.com\/blog\/wp-content\/uploads\/Grassette-2-2.jpg\" alt=\"\" data-id=\"382\" data-full-url=\"http:\/\/lesbaladesdetherese.com\/blog\/wp-content\/uploads\/Grassette-2-2.jpg\" data-link=\"http:\/\/lesbaladesdetherese.com\/blog\/?attachment_id=382#main\" class=\"wp-image-382\" srcset=\"http:\/\/lesbaladesdetherese.com\/blog\/wp-content\/uploads\/Grassette-2-2.jpg 800w, http:\/\/lesbaladesdetherese.com\/blog\/wp-content\/uploads\/Grassette-2-2-300x201.jpg 300w, http:\/\/lesbaladesdetherese.com\/blog\/wp-content\/uploads\/Grassette-2-2-150x101.jpg 150w, http:\/\/lesbaladesdetherese.com\/blog\/wp-content\/uploads\/Grassette-2-2-768x515.jpg 768w\" sizes=\"(max-width: 800px) 100vw, 800px\" \/><figcaption class=\"blocks-gallery-item__caption\">Non, elle ne m&rsquo;a pas agress\u00e9e !<\/figcaption><\/figure><\/li><\/ul><\/figure>\n<\/div><\/div>\n<\/div><\/div>\n<\/div><\/div>\n\n\n\n<figure class=\"wp-block-gallery columns-1 is-cropped\"><ul class=\"blocks-gallery-grid\"><li class=\"blocks-gallery-item\"><figure><img loading=\"lazy\" width=\"800\" height=\"536\" src=\"http:\/\/lesbaladesdetherese.com\/blog\/wp-content\/uploads\/sureau.jpg\" alt=\"\" data-id=\"383\" class=\"wp-image-383\" srcset=\"http:\/\/lesbaladesdetherese.com\/blog\/wp-content\/uploads\/sureau.jpg 800w, http:\/\/lesbaladesdetherese.com\/blog\/wp-content\/uploads\/sureau-300x201.jpg 300w, http:\/\/lesbaladesdetherese.com\/blog\/wp-content\/uploads\/sureau-150x101.jpg 150w, http:\/\/lesbaladesdetherese.com\/blog\/wp-content\/uploads\/sureau-768x515.jpg 768w\" sizes=\"(max-width: 800px) 100vw, 800px\" \/><figcaption class=\"blocks-gallery-item__caption\">Sureau \u00e0 grappes<\/figcaption><\/figure><\/li><\/ul><\/figure>\n\n\n\n<figure class=\"wp-block-gallery columns-1 is-cropped\"><ul class=\"blocks-gallery-grid\"><li class=\"blocks-gallery-item\"><figure><img loading=\"lazy\" width=\"800\" height=\"536\" src=\"http:\/\/lesbaladesdetherese.com\/blog\/wp-content\/uploads\/DSC_0534-1.jpg\" alt=\"\" data-id=\"390\" class=\"wp-image-390\" srcset=\"http:\/\/lesbaladesdetherese.com\/blog\/wp-content\/uploads\/DSC_0534-1.jpg 800w, http:\/\/lesbaladesdetherese.com\/blog\/wp-content\/uploads\/DSC_0534-1-300x201.jpg 300w, http:\/\/lesbaladesdetherese.com\/blog\/wp-content\/uploads\/DSC_0534-1-150x101.jpg 150w, http:\/\/lesbaladesdetherese.com\/blog\/wp-content\/uploads\/DSC_0534-1-768x515.jpg 768w\" sizes=\"(max-width: 800px) 100vw, 800px\" \/><figcaption class=\"blocks-gallery-item__caption\">Un arbre tr\u00e8s hospitalier<\/figcaption><\/figure><\/li><\/ul><\/figure>\n\n\n\n<figure class=\"wp-block-gallery columns-1 is-cropped\"><ul class=\"blocks-gallery-grid\"><li class=\"blocks-gallery-item\"><figure><img loading=\"lazy\" width=\"800\" height=\"536\" src=\"http:\/\/lesbaladesdetherese.com\/blog\/wp-content\/uploads\/DSC_0535.jpg\" alt=\"\" data-id=\"391\" class=\"wp-image-391\" srcset=\"http:\/\/lesbaladesdetherese.com\/blog\/wp-content\/uploads\/DSC_0535.jpg 800w, http:\/\/lesbaladesdetherese.com\/blog\/wp-content\/uploads\/DSC_0535-300x201.jpg 300w, http:\/\/lesbaladesdetherese.com\/blog\/wp-content\/uploads\/DSC_0535-150x101.jpg 150w, http:\/\/lesbaladesdetherese.com\/blog\/wp-content\/uploads\/DSC_0535-768x515.jpg 768w\" sizes=\"(max-width: 800px) 100vw, 800px\" \/><figcaption class=\"blocks-gallery-item__caption\">Il h\u00e9berge des pins sylvestres et un bouleau. Histoire de rester plein de vie !<\/figcaption><\/figure><\/li><\/ul><\/figure>\n\n\n\n<figure class=\"wp-block-gallery columns-2 is-cropped\"><ul class=\"blocks-gallery-grid\"><li class=\"blocks-gallery-item\"><figure><img loading=\"lazy\" width=\"800\" height=\"536\" src=\"http:\/\/lesbaladesdetherese.com\/blog\/wp-content\/uploads\/saxifrage-granulata.jpg\" alt=\"\" data-id=\"384\" class=\"wp-image-384\" srcset=\"http:\/\/lesbaladesdetherese.com\/blog\/wp-content\/uploads\/saxifrage-granulata.jpg 800w, http:\/\/lesbaladesdetherese.com\/blog\/wp-content\/uploads\/saxifrage-granulata-300x201.jpg 300w, http:\/\/lesbaladesdetherese.com\/blog\/wp-content\/uploads\/saxifrage-granulata-150x101.jpg 150w, http:\/\/lesbaladesdetherese.com\/blog\/wp-content\/uploads\/saxifrage-granulata-768x515.jpg 768w\" sizes=\"(max-width: 800px) 100vw, 800px\" \/><figcaption class=\"blocks-gallery-item__caption\">Saxifrage granulata<\/figcaption><\/figure><\/li><li class=\"blocks-gallery-item\"><figure><img loading=\"lazy\" width=\"800\" height=\"591\" src=\"http:\/\/lesbaladesdetherese.com\/blog\/wp-content\/uploads\/gentiane-de-Koch.jpg\" alt=\"\" data-id=\"385\" data-full-url=\"http:\/\/lesbaladesdetherese.com\/blog\/wp-content\/uploads\/gentiane-de-Koch.jpg\" data-link=\"http:\/\/lesbaladesdetherese.com\/blog\/?attachment_id=385#main\" class=\"wp-image-385\" srcset=\"http:\/\/lesbaladesdetherese.com\/blog\/wp-content\/uploads\/gentiane-de-Koch.jpg 800w, http:\/\/lesbaladesdetherese.com\/blog\/wp-content\/uploads\/gentiane-de-Koch-300x222.jpg 300w, http:\/\/lesbaladesdetherese.com\/blog\/wp-content\/uploads\/gentiane-de-Koch-150x111.jpg 150w, http:\/\/lesbaladesdetherese.com\/blog\/wp-content\/uploads\/gentiane-de-Koch-768x567.jpg 768w\" sizes=\"(max-width: 800px) 100vw, 800px\" \/><figcaption class=\"blocks-gallery-item__caption\">Gentiane de Koch et bugle pyramidal<\/figcaption><\/figure><\/li><\/ul><\/figure>\n\n\n\n<figure class=\"wp-block-gallery columns-1 is-cropped\"><ul class=\"blocks-gallery-grid\"><li class=\"blocks-gallery-item\"><figure><img loading=\"lazy\" width=\"800\" height=\"536\" src=\"http:\/\/lesbaladesdetherese.com\/blog\/wp-content\/uploads\/Euphrasie.jpg\" alt=\"\" data-id=\"386\" class=\"wp-image-386\" srcset=\"http:\/\/lesbaladesdetherese.com\/blog\/wp-content\/uploads\/Euphrasie.jpg 800w, http:\/\/lesbaladesdetherese.com\/blog\/wp-content\/uploads\/Euphrasie-300x201.jpg 300w, http:\/\/lesbaladesdetherese.com\/blog\/wp-content\/uploads\/Euphrasie-150x101.jpg 150w, http:\/\/lesbaladesdetherese.com\/blog\/wp-content\/uploads\/Euphrasie-768x515.jpg 768w\" sizes=\"(max-width: 800px) 100vw, 800px\" \/><figcaption class=\"blocks-gallery-item__caption\">L&rsquo;euphrasie, discr\u00e8te et d\u00e9licate.<\/figcaption><\/figure><\/li><\/ul><\/figure>\n\n\n\n<p>Et pour finir un peu de faune. Pas de vaches d&rsquo;ailleurs pour une fois ; elles devaient \u00eatre plus haut.<\/p>\n\n\n\n<figure class=\"wp-block-gallery columns-2 is-cropped\"><ul class=\"blocks-gallery-grid\"><li class=\"blocks-gallery-item\"><figure><img loading=\"lazy\" width=\"800\" height=\"732\" src=\"http:\/\/lesbaladesdetherese.com\/blog\/wp-content\/uploads\/Iberis-camouflage.jpg\" alt=\"\" data-id=\"387\" class=\"wp-image-387\" srcset=\"http:\/\/lesbaladesdetherese.com\/blog\/wp-content\/uploads\/Iberis-camouflage.jpg 800w, http:\/\/lesbaladesdetherese.com\/blog\/wp-content\/uploads\/Iberis-camouflage-300x275.jpg 300w, http:\/\/lesbaladesdetherese.com\/blog\/wp-content\/uploads\/Iberis-camouflage-150x137.jpg 150w, http:\/\/lesbaladesdetherese.com\/blog\/wp-content\/uploads\/Iberis-camouflage-768x703.jpg 768w\" sizes=\"(max-width: 800px) 100vw, 800px\" \/><figcaption class=\"blocks-gallery-item__caption\">Camouflage sur l&rsquo;iberis !<\/figcaption><\/figure><\/li><li class=\"blocks-gallery-item\"><figure><img loading=\"lazy\" width=\"800\" height=\"732\" src=\"http:\/\/lesbaladesdetherese.com\/blog\/wp-content\/uploads\/DSC_0563.jpg\" alt=\"\" data-id=\"388\" data-full-url=\"http:\/\/lesbaladesdetherese.com\/blog\/wp-content\/uploads\/DSC_0563.jpg\" data-link=\"http:\/\/lesbaladesdetherese.com\/blog\/?attachment_id=388#main\" class=\"wp-image-388\" srcset=\"http:\/\/lesbaladesdetherese.com\/blog\/wp-content\/uploads\/DSC_0563.jpg 800w, http:\/\/lesbaladesdetherese.com\/blog\/wp-content\/uploads\/DSC_0563-300x275.jpg 300w, http:\/\/lesbaladesdetherese.com\/blog\/wp-content\/uploads\/DSC_0563-150x137.jpg 150w, http:\/\/lesbaladesdetherese.com\/blog\/wp-content\/uploads\/DSC_0563-768x703.jpg 768w\" sizes=\"(max-width: 800px) 100vw, 800px\" \/><figcaption class=\"blocks-gallery-item__caption\">Vous pr\u00e9f\u00e9rez de face ?<\/figcaption><\/figure><\/li><\/ul><\/figure>\n\n\n\n<p>Cette fois point de marmotte pour une pose photo, nous les avons juste entendues. Mais une curieuse rencontre tout de m\u00eame.<\/p>\n\n\n\n<figure class=\"wp-block-gallery columns-2 is-cropped\"><ul class=\"blocks-gallery-grid\"><li class=\"blocks-gallery-item\"><figure><img loading=\"lazy\" width=\"800\" height=\"536\" src=\"http:\/\/lesbaladesdetherese.com\/blog\/wp-content\/uploads\/DSC_0530.jpg\" alt=\"\" data-id=\"394\" class=\"wp-image-394\" srcset=\"http:\/\/lesbaladesdetherese.com\/blog\/wp-content\/uploads\/DSC_0530.jpg 800w, http:\/\/lesbaladesdetherese.com\/blog\/wp-content\/uploads\/DSC_0530-300x201.jpg 300w, http:\/\/lesbaladesdetherese.com\/blog\/wp-content\/uploads\/DSC_0530-150x101.jpg 150w, http:\/\/lesbaladesdetherese.com\/blog\/wp-content\/uploads\/DSC_0530-768x515.jpg 768w\" sizes=\"(max-width: 800px) 100vw, 800px\" \/><\/figure><\/li><li class=\"blocks-gallery-item\"><figure><img loading=\"lazy\" width=\"800\" height=\"536\" src=\"http:\/\/lesbaladesdetherese.com\/blog\/wp-content\/uploads\/DSC_0531.jpg\" alt=\"\" data-id=\"395\" data-full-url=\"http:\/\/lesbaladesdetherese.com\/blog\/wp-content\/uploads\/DSC_0531.jpg\" data-link=\"http:\/\/lesbaladesdetherese.com\/blog\/?attachment_id=395#main\" class=\"wp-image-395\" srcset=\"http:\/\/lesbaladesdetherese.com\/blog\/wp-content\/uploads\/DSC_0531.jpg 800w, http:\/\/lesbaladesdetherese.com\/blog\/wp-content\/uploads\/DSC_0531-300x201.jpg 300w, http:\/\/lesbaladesdetherese.com\/blog\/wp-content\/uploads\/DSC_0531-150x101.jpg 150w, http:\/\/lesbaladesdetherese.com\/blog\/wp-content\/uploads\/DSC_0531-768x515.jpg 768w\" sizes=\"(max-width: 800px) 100vw, 800px\" \/><\/figure><\/li><\/ul><figcaption class=\"blocks-gallery-caption\">Si on n&rsquo;avait pas vu le collier et les ma\u00eetres de cette magnifique chienne, on y aurait vraiment cru au loup ! Dommage !<\/figcaption><\/figure>\n\n\n\n<p>Et une petite derni\u00e8re pour conclure.<\/p>\n\n\n\n<figure class=\"wp-block-image size-large\"><img loading=\"lazy\" width=\"800\" height=\"536\" src=\"http:\/\/lesbaladesdetherese.com\/blog\/wp-content\/uploads\/DSC_0532-copie.jpg\" alt=\"\" class=\"wp-image-396\" srcset=\"http:\/\/lesbaladesdetherese.com\/blog\/wp-content\/uploads\/DSC_0532-copie.jpg 800w, http:\/\/lesbaladesdetherese.com\/blog\/wp-content\/uploads\/DSC_0532-copie-300x201.jpg 300w, http:\/\/lesbaladesdetherese.com\/blog\/wp-content\/uploads\/DSC_0532-copie-150x101.jpg 150w, http:\/\/lesbaladesdetherese.com\/blog\/wp-content\/uploads\/DSC_0532-copie-768x515.jpg 768w\" sizes=\"(max-width: 800px) 100vw, 800px\" \/><\/figure>\n","protected":false},"excerpt":{"rendered":"<p>Apr\u00e8s des randos annul\u00e9es, modifi\u00e9es ou \u00e9court\u00e9es en raison de conditions m\u00e9t\u00e9o capricieuses, enfin nous pouvons profiter d&rsquo;une belle journ\u00e9e pour aller en estive. Les Balladins n&rsquo;\u00e9taient pas [&hellip;]<\/p>\n","protected":false},"author":2,"featured_media":346,"comment_status":"open","ping_status":"open","sticky":false,"template":"","format":"standard","meta":[],"categories":[1],"tags":[],"_links":{"self":[{"href":"http:\/\/lesbaladesdetherese.com\/blog\/wp-json\/wp\/v2\/posts\/345"}],"collection":[{"href":"http:\/\/lesbaladesdetherese.com\/blog\/wp-json\/wp\/v2\/posts"}],"about":[{"href":"http:\/\/lesbaladesdetherese.com\/blog\/wp-json\/wp\/v2\/types\/post"}],"author":[{"embeddable":true,"href":"http:\/\/lesbaladesdetherese.com\/blog\/wp-json\/wp\/v2\/users\/2"}],"replies":[{"embeddable":true,"href":"http:\/\/lesbaladesdetherese.com\/blog\/wp-json\/wp\/v2\/comments?post=345"}],"version-history":[{"count":23,"href":"http:\/\/lesbaladesdetherese.com\/blog\/wp-json\/wp\/v2\/posts\/345\/revisions"}],"predecessor-version":[{"id":534,"href":"http:\/\/lesbaladesdetherese.com\/blog\/wp-json\/wp\/v2\/posts\/345\/revisions\/534"}],"wp:featuredmedia":[{"embeddable":true,"href":"http:\/\/lesbaladesdetherese.com\/blog\/wp-json\/wp\/v2\/media\/346"}],"wp:attachment":[{"href":"http:\/\/lesbaladesdetherese.com\/blog\/wp-json\/wp\/v2\/media?parent=345"}],"wp:term":[{"taxonomy":"category","embeddable":true,"href":"http:\/\/lesbaladesdetherese.com\/blog\/wp-json\/wp\/v2\/categories?post=345"},{"taxonomy":"post_tag","embeddable":true,"href":"http:\/\/lesbaladesdetherese.com\/blog\/wp-json\/wp\/v2\/tags?post=345"}],"curies":[{"name":"wp","href":"https:\/\/api.w.org\/{rel}","templated":true}]}}